{"id":3986,"date":"2026-01-27T10:14:30","date_gmt":"2026-01-27T09:14:30","guid":{"rendered":"https:\/\/www.tzg-krapina.hr\/wp\/?p=3986"},"modified":"2026-01-27T10:18:02","modified_gmt":"2026-01-27T09:18:02","slug":"noc-muzeja-2026-u-krapini","status":"publish","type":"post","link":"https:\/\/www.tzg-krapina.hr\/wp\/noc-muzeja-2026-u-krapini\/","title":{"rendered":"No\u0107 muzeja 2026. u Krapini"},"content":{"rendered":"\t\t<div data-elementor-type=\"wp-post\" data-elementor-id=\"3986\" class=\"elementor elementor-3986\" data-elementor-post-type=\"post\">\n\t\t\t\t<div class=\"elementor-element elementor-element-ccceec3 e-flex e-con-boxed e-con e-parent\" data-id=\"ccceec3\" data-element_type=\"container\" data-e-type=\"container\">\n\t\t\t\t\t<div class=\"e-con-inner\">\n\t\t<div class=\"elementor-element elementor-element-36e676d e-con-full e-flex e-con e-child\" data-id=\"36e676d\" data-element_type=\"container\" data-e-type=\"container\">\n\t\t\t\t<div class=\"elementor-element elementor-element-5993f2d elementor-widget elementor-widget-gallery\" data-id=\"5993f2d\" data-element_type=\"widget\" data-e-type=\"widget\" data-settings=\"{&quot;gallery_layout&quot;:&quot;masonry&quot;,&quot;columns&quot;:1,&quot;columns_tablet&quot;:2,&quot;columns_mobile&quot;:1,&quot;gap&quot;:{&quot;unit&quot;:&quot;px&quot;,&quot;size&quot;:10,&quot;sizes&quot;:[]},&quot;gap_tablet&quot;:{&quot;unit&quot;:&quot;px&quot;,&quot;size&quot;:10,&quot;sizes&quot;:[]},&quot;gap_mobile&quot;:{&quot;unit&quot;:&quot;px&quot;,&quot;size&quot;:10,&quot;sizes&quot;:[]},&quot;link_to&quot;:&quot;file&quot;,&quot;overlay_background&quot;:&quot;yes&quot;,&quot;content_hover_animation&quot;:&quot;fade-in&quot;}\" data-widget_type=\"gallery.default\">\n\t\t\t\t<div class=\"elementor-widget-container\">\n\t\t\t\t\t\t\t<div class=\"elementor-gallery__container\">\n\t\t\t\t\t\t\t<a class=\"e-gallery-item elementor-gallery-item elementor-animated-content\" href=\"https:\/\/www.tzg-krapina.hr\/wp\/wp-content\/uploads\/2026\/01\/noc-muzeja-kr-2026-2.jpg\" data-elementor-open-lightbox=\"yes\" data-elementor-lightbox-slideshow=\"5993f2d\" data-elementor-lightbox-title=\"noc-muzeja-kr-2026-2\" data-e-action-hash=\"#elementor-action%3Aaction%3Dlightbox%26settings%3DeyJpZCI6Mzk3OSwidXJsIjoiaHR0cHM6XC9cL3d3dy50emcta3JhcGluYS5oclwvd3BcL3dwLWNvbnRlbnRcL3VwbG9hZHNcLzIwMjZcLzAxXC9ub2MtbXV6ZWphLWtyLTIwMjYtMi5qcGciLCJzbGlkZXNob3ciOiI1OTkzZjJkIn0%3D\">\n\t\t\t\t\t<div class=\"e-gallery-image elementor-gallery-item__image\" data-thumbnail=\"https:\/\/www.tzg-krapina.hr\/wp\/wp-content\/uploads\/2026\/01\/noc-muzeja-kr-2026-2.jpg\" data-width=\"645\" data-height=\"911\" aria-label=\"\" role=\"img\" ><\/div>\n\t\t\t\t\t\t\t\t\t\t\t<div class=\"elementor-gallery-item__overlay\"><\/div>\n\t\t\t\t\t\t\t\t\t\t\t\t\t\t<\/a>\n\t\t\t\t\t\t\t<a class=\"e-gallery-item elementor-gallery-item elementor-animated-content\" href=\"https:\/\/www.tzg-krapina.hr\/wp\/wp-content\/uploads\/2026\/01\/noc-muzeja-kr-2026-1.jpg\" data-elementor-open-lightbox=\"yes\" data-elementor-lightbox-slideshow=\"5993f2d\" data-elementor-lightbox-title=\"noc-muzeja-kr-2026-1\" data-e-action-hash=\"#elementor-action%3Aaction%3Dlightbox%26settings%3DeyJpZCI6Mzk3OCwidXJsIjoiaHR0cHM6XC9cL3d3dy50emcta3JhcGluYS5oclwvd3BcL3dwLWNvbnRlbnRcL3VwbG9hZHNcLzIwMjZcLzAxXC9ub2MtbXV6ZWphLWtyLTIwMjYtMS5qcGciLCJzbGlkZXNob3ciOiI1OTkzZjJkIn0%3D\">\n\t\t\t\t\t<div class=\"e-gallery-image elementor-gallery-item__image\" data-thumbnail=\"https:\/\/www.tzg-krapina.hr\/wp\/wp-content\/uploads\/2026\/01\/noc-muzeja-kr-2026-1.jpg\" data-width=\"1448\" data-height=\"2048\" aria-label=\"\" role=\"img\" ><\/div>\n\t\t\t\t\t\t\t\t\t\t\t<div class=\"elementor-gallery-item__overlay\"><\/div>\n\t\t\t\t\t\t\t\t\t\t\t\t\t\t<\/a>\n\t\t\t\t\t\t\t<a class=\"e-gallery-item elementor-gallery-item elementor-animated-content\" href=\"https:\/\/www.tzg-krapina.hr\/wp\/wp-content\/uploads\/2026\/01\/muzej-oldtimera-preseki-krapina-4.jpg\" data-elementor-open-lightbox=\"yes\" data-elementor-lightbox-slideshow=\"5993f2d\" data-elementor-lightbox-title=\"muzej-oldtimera-preseki-krapina-4\" data-e-action-hash=\"#elementor-action%3Aaction%3Dlightbox%26settings%3DeyJpZCI6Mzk3NiwidXJsIjoiaHR0cHM6XC9cL3d3dy50emcta3JhcGluYS5oclwvd3BcL3dwLWNvbnRlbnRcL3VwbG9hZHNcLzIwMjZcLzAxXC9tdXplai1vbGR0aW1lcmEtcHJlc2VraS1rcmFwaW5hLTQuanBnIiwic2xpZGVzaG93IjoiNTk5M2YyZCJ9\">\n\t\t\t\t\t<div class=\"e-gallery-image elementor-gallery-item__image\" data-thumbnail=\"https:\/\/www.tzg-krapina.hr\/wp\/wp-content\/uploads\/2026\/01\/muzej-oldtimera-preseki-krapina-4.jpg\" data-width=\"1024\" data-height=\"768\" aria-label=\"\" role=\"img\" ><\/div>\n\t\t\t\t\t\t\t\t\t\t\t<div class=\"elementor-gallery-item__overlay\"><\/div>\n\t\t\t\t\t\t\t\t\t\t\t\t\t\t<\/a>\n\t\t\t\t\t<\/div>\n\t\t\t\t\t<\/div>\n\t\t\t\t<\/div>\n\t\t\t\t<\/div>\n\t\t<div class=\"elementor-element elementor-element-1b94d4e e-con-full e-flex e-con e-child\" data-id=\"1b94d4e\" data-element_type=\"container\" data-e-type=\"container\">\n\t\t\t\t<div class=\"elementor-element elementor-element-2e855dc elementor-widget elementor-widget-text-editor\" data-id=\"2e855dc\" data-element_type=\"widget\" data-e-type=\"widget\" data-widget_type=\"text-editor.default\">\n\t\t\t\t<div class=\"elementor-widget-container\">\n\t\t\t\t\t\t\t\t\t<h2>\ud83d\uddd3 Petak, 30. sije\u010dnja 2026.<\/h2><p>\ud83c\udd93\ufe0f Ulaz slobodan<\/p><h4>\ud83d\udfe4 GALERIJA GRADA KRAPINE<\/h4><p>Galerija grada Krapine i ove godine sudjeluje u No\u0107i muzeja kao mjesto \u017eivog susreta likovne i glazbene umjetnosti te povijesti i arheologije.<\/p><p>Program zapo\u010dinje u 18:00 sati predavanjem pod nazivom \u201eStari grad Krapina \u2013 \u010duvar zagorske pro\u0161losti\u201c uz prezentaciju stalnog postava arheolo\u0161kog blaga Starog grada. Dr. sc. Tatjana Tkal\u010dec na popularno-znanstven na\u010din pribli\u017eit \u0107e razvoj ove utvrde i svakodnevni \u017eivot unutar njezinih zidina tijekom kasnog srednjeg vijeka.<\/p><p>U 19:30 sve\u010dano \u0107e se otvoriti izlo\u017eba \u201eVibra \u2013 iluzija svjetla i boje\u201c autorice Sandre Habijanac. Izlo\u017eeni radovi nastali su akrilnim bojama uz kori\u0161tenje silikona, ljepila i UV boja, pri \u010demu pod odre\u0111enom rasvjetom izgledaju kao da su \u017eivi \u2014 oblici se mijenjaju i stvaraju iluziju pokreta i 3D efekt.<\/p><p>U 20:00 sati slijedi \u201eKoncert klasi\u010dne glazbe na bisernici\u201c koji \u0107e izvesti Roberto Hren uz glasovirsku pratnju Domagoja Gu\u0161\u0107i\u0107a.<br \/>Ne propustite zaviriti u povijest jedne od najva\u017enijih srednjovjekovnih utvrda Hrvatskog zagorja, do\u017eivjeti novo iskustvo gledanja igre svjetla i boja te u\u017eivati u bogatom zvuku tradicijskog instrumenta u klasi\u010dnom repertoaru.<\/p><h4>\ud83d\udfe4\ufe0f GRADSKA KNJI\u017dNICA KRAPINA<\/h4><p>U 18.00 sati otvorenje izlo\u017ebe fotografija &#8220;Strahinj\u010dica&#8221;, podjela nagrada najuspje\u0161nijim autorima fotografija.<\/p><p>U 18.30 sati predstavljanje uspona na vrh Mt Everesta (dr. sc. Iris Bostjen\u010di\u0107)<\/p><h4>\ud83d\udfe4\ufe0f MUZEJ OLDTIMERA PRESE\u010cKI<\/h4><p>Uz brojne atraktivne eksponate reprezentativnih primjeraka automobila iz 20-tih, 50-tih, 60-tih i 70-tih godina pro\u0161log stolje\u0107a mo\u0107i \u0107e se u\u017eivati u razgledavanju 60 motocikala, autobusa, bicikala, ali i drugih muzejskih primjeraka raznovrsnih fotografija, \u010dasopisa, knjiga, plakata i ure\u0111aja. Posjetitelje u muzeju o\u010dekuju i zanimljive informacije o povijesti razvoja automobila.<\/p><p>Muzej je otvoren od 18:00 \u2013 00:00<\/p><h5>#no\u0107muzeja #krapina<\/h5>\t\t\t\t\t\t\t\t<\/div>\n\t\t\t\t<\/div>\n\t\t\t\t<\/div>\n\t\t\t\t\t<\/div>\n\t\t\t\t<\/div>\n\t\t\t\t<\/div>\n\t\t","protected":false},"excerpt":{"rendered":"<p>\ud83d\uddd3 Petak, 30. sije\u010dnja 2026. \ud83c\udd93\ufe0f Ulaz slobodan \ud83d\udfe4 GALERIJA GRADA KRAPINE Galerija grada Krapine i ove godine sudjeluje u No\u0107i muzeja kao mjesto \u017eivog susreta likovne i glazbene umjetnosti te povijesti i arheologije. Program zapo\u010dinje u 18:00 sati predavanjem pod nazivom \u201eStari grad Krapina \u2013 \u010duvar zagorske pro\u0161losti\u201c uz prezentaciju stalnog postava arheolo\u0161kog blaga [&hellip;]<\/p>\n","protected":false},"author":1,"featured_media":3977,"comment_status":"open","ping_status":"open","sticky":false,"template":"","format":"standard","meta":{"advanced_seo_description":"","jetpack_seo_html_title":"","jetpack_seo_noindex":false,"_jetpack_memberships_contains_paid_content":false,"footnotes":""},"categories":[11],"tags":[12],"class_list":["post-3986","post","type-post","status-publish","format-standard","has-post-thumbnail","hentry","category-dogadanja","tag-dogadanja"],"jetpack_featured_media_url":"https:\/\/www.tzg-krapina.hr\/wp\/wp-content\/uploads\/2026\/01\/NM2026_vizual_1080x1080px.jpg","jetpack-related-posts":[{"id":2923,"url":"https:\/\/www.tzg-krapina.hr\/wp\/noc-muzeja-u-galeriji-grada-krapine\/","url_meta":{"origin":3986,"position":0},"title":"No\u0107 muzeja u Galeriji grada Krapine","author":"TZG Krapina","date":"27. sije\u010dnja 2025.","format":false,"excerpt":"","rel":"","context":"U &quot;Doga\u0111anja&quot;","block_context":{"text":"Doga\u0111anja","link":"https:\/\/www.tzg-krapina.hr\/wp\/category\/dogadanja\/"},"img":{"alt_text":"","src":"https:\/\/i0.wp.com\/www.tzg-krapina.hr\/wp\/wp-content\/uploads\/2025\/01\/galerija-1.jpg?resize=350%2C200&ssl=1","width":350,"height":200,"srcset":"https:\/\/i0.wp.com\/www.tzg-krapina.hr\/wp\/wp-content\/uploads\/2025\/01\/galerija-1.jpg?resize=350%2C200&ssl=1 1x, https:\/\/i0.wp.com\/www.tzg-krapina.hr\/wp\/wp-content\/uploads\/2025\/01\/galerija-1.jpg?resize=525%2C300&ssl=1 1.5x, https:\/\/i0.wp.com\/www.tzg-krapina.hr\/wp\/wp-content\/uploads\/2025\/01\/galerija-1.jpg?resize=700%2C400&ssl=1 2x, https:\/\/i0.wp.com\/www.tzg-krapina.hr\/wp\/wp-content\/uploads\/2025\/01\/galerija-1.jpg?resize=1050%2C600&ssl=1 3x"},"classes":[]},{"id":2918,"url":"https:\/\/www.tzg-krapina.hr\/wp\/noc-muzeja-u-muzeju-oldtimera-presecki\/","url_meta":{"origin":3986,"position":1},"title":"No\u0107 muzeja u Muzeju oldtimera Prese\u010dki","author":"TZG Krapina","date":"27. sije\u010dnja 2025.","format":false,"excerpt":"Muzej Prese\u010dki \u0107e se i ove godine uklju\u010diti u obilje\u017eavanje No\u0107i muzeja 31.1.2025. i otvoriti svoja vrata u 18 sati kada \u0107e se mo\u0107i razgledati stalni postav Muzeja.Od sadr\u017eaja za posjetitelje osigurano je:stru\u010dno vodstvo - svaki puni satvo\u017enja oldtimer autobusom od Muzeja Prese\u010dki do Krapine i parkirali\u0161ta na Hu\u0161njakovom (19-22h)\u2026","rel":"","context":"U &quot;Doga\u0111anja&quot;","block_context":{"text":"Doga\u0111anja","link":"https:\/\/www.tzg-krapina.hr\/wp\/category\/dogadanja\/"},"img":{"alt_text":"","src":"https:\/\/i0.wp.com\/www.tzg-krapina.hr\/wp\/wp-content\/uploads\/2025\/01\/muzej-oldtimera-preseki-krapina-4.jpg?resize=350%2C200&ssl=1","width":350,"height":200,"srcset":"https:\/\/i0.wp.com\/www.tzg-krapina.hr\/wp\/wp-content\/uploads\/2025\/01\/muzej-oldtimera-preseki-krapina-4.jpg?resize=350%2C200&ssl=1 1x, https:\/\/i0.wp.com\/www.tzg-krapina.hr\/wp\/wp-content\/uploads\/2025\/01\/muzej-oldtimera-preseki-krapina-4.jpg?resize=525%2C300&ssl=1 1.5x, https:\/\/i0.wp.com\/www.tzg-krapina.hr\/wp\/wp-content\/uploads\/2025\/01\/muzej-oldtimera-preseki-krapina-4.jpg?resize=700%2C400&ssl=1 2x"},"classes":[]},{"id":4032,"url":"https:\/\/www.tzg-krapina.hr\/wp\/vuzem-u-krapini-2026\/","url_meta":{"origin":3986,"position":2},"title":"Vuzem u Krapini 2026.","author":"TZG Krapina","date":"18. o\u017eujka 2026.","format":false,"excerpt":"","rel":"","context":"U &quot;Doga\u0111anja&quot;","block_context":{"text":"Doga\u0111anja","link":"https:\/\/www.tzg-krapina.hr\/wp\/category\/dogadanja\/"},"img":{"alt_text":"","src":"https:\/\/i0.wp.com\/www.tzg-krapina.hr\/wp\/wp-content\/uploads\/2026\/03\/Plakat-za-Vuzem-2026-vizual-scaled.jpg?resize=350%2C200&ssl=1","width":350,"height":200,"srcset":"https:\/\/i0.wp.com\/www.tzg-krapina.hr\/wp\/wp-content\/uploads\/2026\/03\/Plakat-za-Vuzem-2026-vizual-scaled.jpg?resize=350%2C200&ssl=1 1x, https:\/\/i0.wp.com\/www.tzg-krapina.hr\/wp\/wp-content\/uploads\/2026\/03\/Plakat-za-Vuzem-2026-vizual-scaled.jpg?resize=525%2C300&ssl=1 1.5x, https:\/\/i0.wp.com\/www.tzg-krapina.hr\/wp\/wp-content\/uploads\/2026\/03\/Plakat-za-Vuzem-2026-vizual-scaled.jpg?resize=700%2C400&ssl=1 2x, https:\/\/i0.wp.com\/www.tzg-krapina.hr\/wp\/wp-content\/uploads\/2026\/03\/Plakat-za-Vuzem-2026-vizual-scaled.jpg?resize=1050%2C600&ssl=1 3x, https:\/\/i0.wp.com\/www.tzg-krapina.hr\/wp\/wp-content\/uploads\/2026\/03\/Plakat-za-Vuzem-2026-vizual-scaled.jpg?resize=1400%2C800&ssl=1 4x"},"classes":[]},{"id":3491,"url":"https:\/\/www.tzg-krapina.hr\/wp\/najava-dogadanja-ljeta-u-krapini\/","url_meta":{"origin":3986,"position":3},"title":"Najava doga\u0111anja Ljeta u Krapini","author":"TZG Krapina","date":"5. lipnja 2025.","format":false,"excerpt":"","rel":"","context":"U &quot;Ljeto u Krapini&quot;","block_context":{"text":"Ljeto u Krapini","link":"https:\/\/www.tzg-krapina.hr\/wp\/category\/dogadanja\/ljeto-u-krapini\/"},"img":{"alt_text":"","src":"https:\/\/i0.wp.com\/www.tzg-krapina.hr\/wp\/wp-content\/uploads\/2025\/06\/B2-plakat-2025header.jpg?resize=350%2C200&ssl=1","width":350,"height":200,"srcset":"https:\/\/i0.wp.com\/www.tzg-krapina.hr\/wp\/wp-content\/uploads\/2025\/06\/B2-plakat-2025header.jpg?resize=350%2C200&ssl=1 1x, https:\/\/i0.wp.com\/www.tzg-krapina.hr\/wp\/wp-content\/uploads\/2025\/06\/B2-plakat-2025header.jpg?resize=525%2C300&ssl=1 1.5x, https:\/\/i0.wp.com\/www.tzg-krapina.hr\/wp\/wp-content\/uploads\/2025\/06\/B2-plakat-2025header.jpg?resize=700%2C400&ssl=1 2x, https:\/\/i0.wp.com\/www.tzg-krapina.hr\/wp\/wp-content\/uploads\/2025\/06\/B2-plakat-2025header.jpg?resize=1050%2C600&ssl=1 3x, https:\/\/i0.wp.com\/www.tzg-krapina.hr\/wp\/wp-content\/uploads\/2025\/06\/B2-plakat-2025header.jpg?resize=1400%2C800&ssl=1 4x"},"classes":[]},{"id":3925,"url":"https:\/\/www.tzg-krapina.hr\/wp\/najave-dogadanja-2\/","url_meta":{"origin":3986,"position":4},"title":"Najave doga\u0111anja","author":"TZG Krapina","date":"28. studenoga 2025.","format":false,"excerpt":"","rel":"","context":"U &quot;Advent u Krapini&quot;","block_context":{"text":"Advent u Krapini","link":"https:\/\/www.tzg-krapina.hr\/wp\/category\/dogadanja\/advent-u-krapini\/"},"img":{"alt_text":"","src":"https:\/\/i0.wp.com\/www.tzg-krapina.hr\/wp\/wp-content\/uploads\/2025\/11\/Plakat-B2-Advent-u-Krapini-2025-II-vizual.jpg?resize=350%2C200&ssl=1","width":350,"height":200,"srcset":"https:\/\/i0.wp.com\/www.tzg-krapina.hr\/wp\/wp-content\/uploads\/2025\/11\/Plakat-B2-Advent-u-Krapini-2025-II-vizual.jpg?resize=350%2C200&ssl=1 1x, https:\/\/i0.wp.com\/www.tzg-krapina.hr\/wp\/wp-content\/uploads\/2025\/11\/Plakat-B2-Advent-u-Krapini-2025-II-vizual.jpg?resize=525%2C300&ssl=1 1.5x, https:\/\/i0.wp.com\/www.tzg-krapina.hr\/wp\/wp-content\/uploads\/2025\/11\/Plakat-B2-Advent-u-Krapini-2025-II-vizual.jpg?resize=700%2C400&ssl=1 2x"},"classes":[]},{"id":3503,"url":"https:\/\/www.tzg-krapina.hr\/wp\/koncerti-i-istaknuta-dogadanja-u-srpnju\/","url_meta":{"origin":3986,"position":5},"title":"Koncerti i istaknuta doga\u0111anja u srpnju","author":"TZG Krapina","date":"5. lipnja 2025.","format":false,"excerpt":"","rel":"","context":"U &quot;Ljeto u Krapini&quot;","block_context":{"text":"Ljeto u Krapini","link":"https:\/\/www.tzg-krapina.hr\/wp\/category\/dogadanja\/ljeto-u-krapini\/"},"img":{"alt_text":"","src":"https:\/\/i0.wp.com\/www.tzg-krapina.hr\/wp\/wp-content\/uploads\/2025\/06\/B2-plakat-2025header.jpg?resize=350%2C200&ssl=1","width":350,"height":200,"srcset":"https:\/\/i0.wp.com\/www.tzg-krapina.hr\/wp\/wp-content\/uploads\/2025\/06\/B2-plakat-2025header.jpg?resize=350%2C200&ssl=1 1x, https:\/\/i0.wp.com\/www.tzg-krapina.hr\/wp\/wp-content\/uploads\/2025\/06\/B2-plakat-2025header.jpg?resize=525%2C300&ssl=1 1.5x, https:\/\/i0.wp.com\/www.tzg-krapina.hr\/wp\/wp-content\/uploads\/2025\/06\/B2-plakat-2025header.jpg?resize=700%2C400&ssl=1 2x, https:\/\/i0.wp.com\/www.tzg-krapina.hr\/wp\/wp-content\/uploads\/2025\/06\/B2-plakat-2025header.jpg?resize=1050%2C600&ssl=1 3x, https:\/\/i0.wp.com\/www.tzg-krapina.hr\/wp\/wp-content\/uploads\/2025\/06\/B2-plakat-2025header.jpg?resize=1400%2C800&ssl=1 4x"},"classes":[]}],"jetpack_sharing_enabled":true,"_links":{"self":[{"href":"https:\/\/www.tzg-krapina.hr\/wp\/wp-json\/wp\/v2\/posts\/3986","targetHints":{"allow":["GET"]}}],"collection":[{"href":"https:\/\/www.tzg-krapina.hr\/wp\/wp-json\/wp\/v2\/posts"}],"about":[{"href":"https:\/\/www.tzg-krapina.hr\/wp\/wp-json\/wp\/v2\/types\/post"}],"author":[{"embeddable":true,"href":"https:\/\/www.tzg-krapina.hr\/wp\/wp-json\/wp\/v2\/users\/1"}],"replies":[{"embeddable":true,"href":"https:\/\/www.tzg-krapina.hr\/wp\/wp-json\/wp\/v2\/comments?post=3986"}],"version-history":[{"count":4,"href":"https:\/\/www.tzg-krapina.hr\/wp\/wp-json\/wp\/v2\/posts\/3986\/revisions"}],"predecessor-version":[{"id":3990,"href":"https:\/\/www.tzg-krapina.hr\/wp\/wp-json\/wp\/v2\/posts\/3986\/revisions\/3990"}],"wp:featuredmedia":[{"embeddable":true,"href":"https:\/\/www.tzg-krapina.hr\/wp\/wp-json\/wp\/v2\/media\/3977"}],"wp:attachment":[{"href":"https:\/\/www.tzg-krapina.hr\/wp\/wp-json\/wp\/v2\/media?parent=3986"}],"wp:term":[{"taxonomy":"category","embeddable":true,"href":"https:\/\/www.tzg-krapina.hr\/wp\/wp-json\/wp\/v2\/categories?post=3986"},{"taxonomy":"post_tag","embeddable":true,"href":"https:\/\/www.tzg-krapina.hr\/wp\/wp-json\/wp\/v2\/tags?post=3986"}],"curies":[{"name":"wp","href":"https:\/\/api.w.org\/{rel}","templated":true}]}}